{"id":2032,"date":"2022-09-10T11:13:05","date_gmt":"2022-09-10T10:13:05","guid":{"rendered":"https:\/\/academie-nationale-reims.fr\/?p=2032"},"modified":"2024-02-28T15:25:43","modified_gmt":"2024-02-28T14:25:43","slug":"tar-190","status":"publish","type":"post","link":"https:\/\/academie-nationale-reims.fr\/index.php\/2022\/09\/10\/tar-190\/","title":{"rendered":"TAR 190"},"content":{"rendered":"\n<figure class=\"wp-block-image size-large\"><img decoding=\"async\" loading=\"lazy\" width=\"1024\" height=\"723\" src=\"http:\/\/academie-nationale-reims.fr\/wp-content\/uploads\/2022\/09\/TAR190-1024x723.jpg\" alt=\"Illustration du livre M\u00e9lange Acad\u00e9mique, publi\u00e9 en septembre 2022\" class=\"wp-image-2046\" srcset=\"https:\/\/academie-nationale-reims.fr\/wp-content\/uploads\/2022\/09\/TAR190-1024x723.jpg 1024w, https:\/\/academie-nationale-reims.fr\/wp-content\/uploads\/2022\/09\/TAR190-300x212.jpg 300w, https:\/\/academie-nationale-reims.fr\/wp-content\/uploads\/2022\/09\/TAR190-768x542.jpg 768w, https:\/\/academie-nationale-reims.fr\/wp-content\/uploads\/2022\/09\/TAR190-1536x1084.jpg 1536w, https:\/\/academie-nationale-reims.fr\/wp-content\/uploads\/2022\/09\/TAR190.jpg 1712w\" sizes=\"(max-width: 1024px) 100vw, 1024px\" \/><\/figure>\n\n\n\n<figure class=\"wp-block-image size-large\"><img decoding=\"async\" loading=\"lazy\" width=\"753\" height=\"1024\" src=\"http:\/\/academie-nationale-reims.fr\/wp-content\/uploads\/2022\/09\/TDM-753x1024.png\" alt=\"\" class=\"wp-image-2081\" srcset=\"https:\/\/academie-nationale-reims.fr\/wp-content\/uploads\/2022\/09\/TDM-753x1024.png 753w, https:\/\/academie-nationale-reims.fr\/wp-content\/uploads\/2022\/09\/TDM-220x300.png 220w, https:\/\/academie-nationale-reims.fr\/wp-content\/uploads\/2022\/09\/TDM-768x1045.png 768w, https:\/\/academie-nationale-reims.fr\/wp-content\/uploads\/2022\/09\/TDM-1129x1536.png 1129w, https:\/\/academie-nationale-reims.fr\/wp-content\/uploads\/2022\/09\/TDM.png 1192w\" sizes=\"(max-width: 753px) 100vw, 753px\" \/><\/figure>\n\n\n\n<p>N.D.L.R.&nbsp;&nbsp;<strong>Pour \u00e9couter les extraits musicaux<\/strong>&nbsp;(encadr\u00e9s dans le premier article), le lecteur peut se reporter au site&nbsp; de l\u2019Acad\u00e9mie (rubrique \u00ab Publications, Volume 190-2022) et acc\u00e9der directement \u00e0 la playlist ci-dessous (options \u00e9coute et t\u00e9l\u00e9chargement).<\/p>\n\n\n\n<p> <strong> 1 \u2013 Vivaldi Antonio (1678-1741) \u2013 Juditha Triumphans \u2013 1.Arma, Caedes, Vindictae <\/strong><p>\n<div style=\"max-width:400px;\"><figure class=\"wp-block-audio\"><audio controls src=\"http:\/\/academie-nationale-reims.fr\/wp-content\/uploads\/2022\/09\/1.mp3\"><\/audio><\/figure><\/div>\n\n\n\n<p> <strong> 2 \u2013 Vivaldi \u2013 Gloria \u2013 Domine fili unigenite <\/strong><p>\n<div style=\"max-width:300px;\"><figure class=\"wp-block-video\"><video controls src=\"http:\/\/academie-nationale-reims.fr\/wp-content\/uploads\/2022\/09\/2.mp4\"><\/video><\/figure><\/div>\n\n\n\n<p> <strong> 3 &#8211; Vivaldi Antonio (1678-1741) \u2013 Juditha Triumphans \u2013 Matrona Inimica <\/strong><p>\n<div style=\"max-width:400px;\"><figure class=\"wp-block-audio\"><audio controls src=\"http:\/\/academie-nationale-reims.fr\/wp-content\/uploads\/2022\/09\/3.mp3\"><\/audio><\/figure><\/div>\n\n\n\n<p> <strong> 4 \u2013 Vivaldi Antonio (1678-1741) \u2013 Beatus Vir, RV 598. English Chamber orchestra- Dir Vittorio Negri <\/strong><p>\n<div style=\"max-width:400px;\"><figure class=\"wp-block-audio\"><audio controls src=\"http:\/\/academie-nationale-reims.fr\/wp-content\/uploads\/2022\/09\/4.mp3\"><\/audio><\/figure><\/div>\n\n\n\n<p> <strong> 5 \u2013 Galuppi Baldassare (1706-1785) \u2013 Dixit Dominus in G minor \u2013 Ghislieri Choir and Consort <\/strong><p>\n<div style=\"max-width:300px;\"><figure class=\"wp-block-video\"><video controls src=\"http:\/\/academie-nationale-reims.fr\/wp-content\/uploads\/2022\/09\/5.mp4\"><\/video><\/figure><\/div>\n\n\n\n<p> <strong> 6 \u2013 Hasse Johann Adolf (1699-1783) Miserere in D minor (Dresdner Barockorchester, Dresdner Kammerchor et Hans-Christoph Rademann) <\/strong><p>\n<div style=\"max-width:300px;\"><figure class=\"wp-block-video\"><video controls src=\"http:\/\/academie-nationale-reims.fr\/wp-content\/uploads\/2022\/09\/6.mp4\"><\/video><\/figure><\/div>\n\n\n\n<p> <strong> 7 \u2013 Anfossi Paquale (1727-1797) Oratorio La Morte Di San Filippo Neri Duetto Amor Santita <\/strong><p>\n<div style=\"max-width:300px;\"><figure class=\"wp-block-video\"><video controls src=\"http:\/\/academie-nationale-reims.fr\/wp-content\/uploads\/2022\/09\/7.mp4\"><\/video><\/figure><\/div>\n\n\n\n<p> <strong> 8 \u2013 Bertoni Fernandino (1725-1813) \u2013 Veni Creator (1765) <\/strong><p>\n<div style=\"max-width:400px;\"><figure class=\"wp-block-audio\"><audio controls src=\"http:\/\/academie-nationale-reims.fr\/wp-content\/uploads\/2022\/09\/8.mp3\"><\/audio><\/figure><\/div>\n\n\n\n<p> <strong> 9 &#8211; Vivaldi Antonio (1678-1741) \u2013 Juditha Triumphans \u2013 Salve Invicta Juditha <\/strong><p>\n<div style=\"max-width:400px;\"><figure class=\"wp-block-audio\"><audio controls src=\"http:\/\/academie-nationale-reims.fr\/wp-content\/uploads\/2022\/09\/9.mp3\"><\/audio><\/figure><\/div>\n\n\n\n<p><\/p>\n","protected":false},"excerpt":{"rendered":"<p>N.D.L.R.&nbsp;&nbsp;Pour \u00e9couter les extraits musicaux&nbsp;(encadr\u00e9s dans le premier article), le lecteur peut se reporter au site&nbsp; de l\u2019Acad\u00e9mie (rubrique \u00ab Publications, Volume 190-2022) et acc\u00e9der directement \u00e0 la playlist ci-dessous (options \u00e9coute et t\u00e9l\u00e9chargement). 1 \u2013 Vivaldi Antonio (1678-1741) \u2013 Juditha Triumphans \u2013 1.Arma, Caedes, Vindictae 2 \u2013 Vivaldi \u2013 Gloria \u2013 Domine fili unigenite [&hellip;]<\/p>\n","protected":false},"author":1,"featured_media":0,"comment_status":"open","ping_status":"open","sticky":false,"template":"","format":"standard","meta":{"_mi_skip_tracking":false},"categories":[1],"tags":[],"yoast_head":"<!-- This site is optimized with the Yoast SEO plugin v20.4 - https:\/\/yoast.com\/wordpress\/plugins\/seo\/ -->\n<title>TAR 190 - Acad\u00e9mie nationale de Reims<\/title>\n<meta name=\"robots\" content=\"index, follow, max-snippet:-1, max-image-preview:large, max-video-preview:-1\" \/>\n<link rel=\"canonical\" href=\"http:\/\/academie-nationale-reims.fr\/index.php\/2022\/09\/10\/tar-190\/\" \/>\n<meta property=\"og:locale\" content=\"fr_FR\" \/>\n<meta property=\"og:type\" content=\"article\" \/>\n<meta property=\"og:title\" content=\"TAR 190 - Acad\u00e9mie nationale de Reims\" \/>\n<meta property=\"og:description\" content=\"N.D.L.R.&nbsp;&nbsp;Pour \u00e9couter les extraits musicaux&nbsp;(encadr\u00e9s dans le premier article), le lecteur peut se reporter au site&nbsp; de l\u2019Acad\u00e9mie (rubrique \u00ab Publications, Volume 190-2022) et acc\u00e9der directement \u00e0 la playlist ci-dessous (options \u00e9coute et t\u00e9l\u00e9chargement). 1 \u2013 Vivaldi Antonio (1678-1741) \u2013 Juditha Triumphans \u2013 1.Arma, Caedes, Vindictae 2 \u2013 Vivaldi \u2013 Gloria \u2013 Domine fili unigenite [&hellip;]\" \/>\n<meta property=\"og:url\" content=\"http:\/\/academie-nationale-reims.fr\/index.php\/2022\/09\/10\/tar-190\/\" \/>\n<meta property=\"og:site_name\" content=\"Acad\u00e9mie nationale de Reims\" \/>\n<meta property=\"article:published_time\" content=\"2022-09-10T10:13:05+00:00\" \/>\n<meta property=\"article:modified_time\" content=\"2024-02-28T14:25:43+00:00\" \/>\n<meta property=\"og:image\" content=\"http:\/\/academie-nationale-reims.fr\/wp-content\/uploads\/2022\/09\/TAR190-1024x723.jpg\" \/>\n<meta name=\"author\" content=\"admin2863\" \/>\n<meta name=\"twitter:card\" content=\"summary_large_image\" \/>\n<meta name=\"twitter:label1\" content=\"\u00c9crit par\" \/>\n\t<meta name=\"twitter:data1\" content=\"admin2863\" \/>\n\t<meta name=\"twitter:label2\" content=\"Dur\u00e9e de lecture estim\u00e9e\" \/>\n\t<meta name=\"twitter:data2\" content=\"2 minutes\" \/>\n<script type=\"application\/ld+json\" class=\"yoast-schema-graph\">{\"@context\":\"https:\/\/schema.org\",\"@graph\":[{\"@type\":\"Article\",\"@id\":\"http:\/\/academie-nationale-reims.fr\/index.php\/2022\/09\/10\/tar-190\/#article\",\"isPartOf\":{\"@id\":\"http:\/\/academie-nationale-reims.fr\/index.php\/2022\/09\/10\/tar-190\/\"},\"author\":{\"name\":\"admin2863\",\"@id\":\"https:\/\/academie-nationale-reims.fr\/#\/schema\/person\/e58e322eb3e83f724da8659e2a322219\"},\"headline\":\"TAR 190\",\"datePublished\":\"2022-09-10T10:13:05+00:00\",\"dateModified\":\"2024-02-28T14:25:43+00:00\",\"mainEntityOfPage\":{\"@id\":\"http:\/\/academie-nationale-reims.fr\/index.php\/2022\/09\/10\/tar-190\/\"},\"wordCount\":135,\"commentCount\":0,\"publisher\":{\"@id\":\"https:\/\/academie-nationale-reims.fr\/#organization\"},\"inLanguage\":\"fr-FR\",\"potentialAction\":[{\"@type\":\"CommentAction\",\"name\":\"Comment\",\"target\":[\"http:\/\/academie-nationale-reims.fr\/index.php\/2022\/09\/10\/tar-190\/#respond\"]}]},{\"@type\":\"WebPage\",\"@id\":\"http:\/\/academie-nationale-reims.fr\/index.php\/2022\/09\/10\/tar-190\/\",\"url\":\"http:\/\/academie-nationale-reims.fr\/index.php\/2022\/09\/10\/tar-190\/\",\"name\":\"TAR 190 - Acad\u00e9mie nationale de Reims\",\"isPartOf\":{\"@id\":\"https:\/\/academie-nationale-reims.fr\/#website\"},\"datePublished\":\"2022-09-10T10:13:05+00:00\",\"dateModified\":\"2024-02-28T14:25:43+00:00\",\"breadcrumb\":{\"@id\":\"http:\/\/academie-nationale-reims.fr\/index.php\/2022\/09\/10\/tar-190\/#breadcrumb\"},\"inLanguage\":\"fr-FR\",\"potentialAction\":[{\"@type\":\"ReadAction\",\"target\":[\"http:\/\/academie-nationale-reims.fr\/index.php\/2022\/09\/10\/tar-190\/\"]}]},{\"@type\":\"BreadcrumbList\",\"@id\":\"http:\/\/academie-nationale-reims.fr\/index.php\/2022\/09\/10\/tar-190\/#breadcrumb\",\"itemListElement\":[{\"@type\":\"ListItem\",\"position\":1,\"name\":\"Accueil\",\"item\":\"https:\/\/academie-nationale-reims.fr\/\"},{\"@type\":\"ListItem\",\"position\":2,\"name\":\"TAR 190\"}]},{\"@type\":\"WebSite\",\"@id\":\"https:\/\/academie-nationale-reims.fr\/#website\",\"url\":\"https:\/\/academie-nationale-reims.fr\/\",\"name\":\"Acad\u00e9mie nationale de Reims\",\"description\":\"Ce site est en cours d\u2019am\u00e9nagements\",\"publisher\":{\"@id\":\"https:\/\/academie-nationale-reims.fr\/#organization\"},\"potentialAction\":[{\"@type\":\"SearchAction\",\"target\":{\"@type\":\"EntryPoint\",\"urlTemplate\":\"https:\/\/academie-nationale-reims.fr\/?s={search_term_string}\"},\"query-input\":\"required name=search_term_string\"}],\"inLanguage\":\"fr-FR\"},{\"@type\":\"Organization\",\"@id\":\"https:\/\/academie-nationale-reims.fr\/#organization\",\"name\":\"Acad\u00e9mie nationale de Reims\",\"url\":\"https:\/\/academie-nationale-reims.fr\/\",\"logo\":{\"@type\":\"ImageObject\",\"inLanguage\":\"fr-FR\",\"@id\":\"https:\/\/academie-nationale-reims.fr\/#\/schema\/logo\/image\/\",\"url\":\"https:\/\/academie-nationale-reims.fr\/wp-content\/uploads\/2023\/03\/logo.png\",\"contentUrl\":\"https:\/\/academie-nationale-reims.fr\/wp-content\/uploads\/2023\/03\/logo.png\",\"width\":2038,\"height\":426,\"caption\":\"Acad\u00e9mie nationale de Reims\"},\"image\":{\"@id\":\"https:\/\/academie-nationale-reims.fr\/#\/schema\/logo\/image\/\"}},{\"@type\":\"Person\",\"@id\":\"https:\/\/academie-nationale-reims.fr\/#\/schema\/person\/e58e322eb3e83f724da8659e2a322219\",\"name\":\"admin2863\",\"image\":{\"@type\":\"ImageObject\",\"inLanguage\":\"fr-FR\",\"@id\":\"https:\/\/academie-nationale-reims.fr\/#\/schema\/person\/image\/\",\"url\":\"https:\/\/secure.gravatar.com\/avatar\/760354a58e7815260df45936fbf62699?s=96&d=mm&r=g\",\"contentUrl\":\"https:\/\/secure.gravatar.com\/avatar\/760354a58e7815260df45936fbf62699?s=96&d=mm&r=g\",\"caption\":\"admin2863\"},\"sameAs\":[\"http:\/\/academie-nationale-reims.fr\"],\"url\":\"https:\/\/academie-nationale-reims.fr\/index.php\/author\/admin2863\/\"}]}<\/script>\n<!-- \/ Yoast SEO plugin. -->","yoast_head_json":{"title":"TAR 190 - Acad\u00e9mie nationale de Reims","robots":{"index":"index","follow":"follow","max-snippet":"max-snippet:-1","max-image-preview":"max-image-preview:large","max-video-preview":"max-video-preview:-1"},"canonical":"http:\/\/academie-nationale-reims.fr\/index.php\/2022\/09\/10\/tar-190\/","og_locale":"fr_FR","og_type":"article","og_title":"TAR 190 - Acad\u00e9mie nationale de Reims","og_description":"N.D.L.R.&nbsp;&nbsp;Pour \u00e9couter les extraits musicaux&nbsp;(encadr\u00e9s dans le premier article), le lecteur peut se reporter au site&nbsp; de l\u2019Acad\u00e9mie (rubrique \u00ab Publications, Volume 190-2022) et acc\u00e9der directement \u00e0 la playlist ci-dessous (options \u00e9coute et t\u00e9l\u00e9chargement). 1 \u2013 Vivaldi Antonio (1678-1741) \u2013 Juditha Triumphans \u2013 1.Arma, Caedes, Vindictae 2 \u2013 Vivaldi \u2013 Gloria \u2013 Domine fili unigenite [&hellip;]","og_url":"http:\/\/academie-nationale-reims.fr\/index.php\/2022\/09\/10\/tar-190\/","og_site_name":"Acad\u00e9mie nationale de Reims","article_published_time":"2022-09-10T10:13:05+00:00","article_modified_time":"2024-02-28T14:25:43+00:00","og_image":[{"url":"http:\/\/academie-nationale-reims.fr\/wp-content\/uploads\/2022\/09\/TAR190-1024x723.jpg"}],"author":"admin2863","twitter_card":"summary_large_image","twitter_misc":{"\u00c9crit par":"admin2863","Dur\u00e9e de lecture estim\u00e9e":"2 minutes"},"schema":{"@context":"https:\/\/schema.org","@graph":[{"@type":"Article","@id":"http:\/\/academie-nationale-reims.fr\/index.php\/2022\/09\/10\/tar-190\/#article","isPartOf":{"@id":"http:\/\/academie-nationale-reims.fr\/index.php\/2022\/09\/10\/tar-190\/"},"author":{"name":"admin2863","@id":"https:\/\/academie-nationale-reims.fr\/#\/schema\/person\/e58e322eb3e83f724da8659e2a322219"},"headline":"TAR 190","datePublished":"2022-09-10T10:13:05+00:00","dateModified":"2024-02-28T14:25:43+00:00","mainEntityOfPage":{"@id":"http:\/\/academie-nationale-reims.fr\/index.php\/2022\/09\/10\/tar-190\/"},"wordCount":135,"commentCount":0,"publisher":{"@id":"https:\/\/academie-nationale-reims.fr\/#organization"},"inLanguage":"fr-FR","potentialAction":[{"@type":"CommentAction","name":"Comment","target":["http:\/\/academie-nationale-reims.fr\/index.php\/2022\/09\/10\/tar-190\/#respond"]}]},{"@type":"WebPage","@id":"http:\/\/academie-nationale-reims.fr\/index.php\/2022\/09\/10\/tar-190\/","url":"http:\/\/academie-nationale-reims.fr\/index.php\/2022\/09\/10\/tar-190\/","name":"TAR 190 - Acad\u00e9mie nationale de Reims","isPartOf":{"@id":"https:\/\/academie-nationale-reims.fr\/#website"},"datePublished":"2022-09-10T10:13:05+00:00","dateModified":"2024-02-28T14:25:43+00:00","breadcrumb":{"@id":"http:\/\/academie-nationale-reims.fr\/index.php\/2022\/09\/10\/tar-190\/#breadcrumb"},"inLanguage":"fr-FR","potentialAction":[{"@type":"ReadAction","target":["http:\/\/academie-nationale-reims.fr\/index.php\/2022\/09\/10\/tar-190\/"]}]},{"@type":"BreadcrumbList","@id":"http:\/\/academie-nationale-reims.fr\/index.php\/2022\/09\/10\/tar-190\/#breadcrumb","itemListElement":[{"@type":"ListItem","position":1,"name":"Accueil","item":"https:\/\/academie-nationale-reims.fr\/"},{"@type":"ListItem","position":2,"name":"TAR 190"}]},{"@type":"WebSite","@id":"https:\/\/academie-nationale-reims.fr\/#website","url":"https:\/\/academie-nationale-reims.fr\/","name":"Acad\u00e9mie nationale de Reims","description":"Ce site est en cours d\u2019am\u00e9nagements","publisher":{"@id":"https:\/\/academie-nationale-reims.fr\/#organization"},"potentialAction":[{"@type":"SearchAction","target":{"@type":"EntryPoint","urlTemplate":"https:\/\/academie-nationale-reims.fr\/?s={search_term_string}"},"query-input":"required name=search_term_string"}],"inLanguage":"fr-FR"},{"@type":"Organization","@id":"https:\/\/academie-nationale-reims.fr\/#organization","name":"Acad\u00e9mie nationale de Reims","url":"https:\/\/academie-nationale-reims.fr\/","logo":{"@type":"ImageObject","inLanguage":"fr-FR","@id":"https:\/\/academie-nationale-reims.fr\/#\/schema\/logo\/image\/","url":"https:\/\/academie-nationale-reims.fr\/wp-content\/uploads\/2023\/03\/logo.png","contentUrl":"https:\/\/academie-nationale-reims.fr\/wp-content\/uploads\/2023\/03\/logo.png","width":2038,"height":426,"caption":"Acad\u00e9mie nationale de Reims"},"image":{"@id":"https:\/\/academie-nationale-reims.fr\/#\/schema\/logo\/image\/"}},{"@type":"Person","@id":"https:\/\/academie-nationale-reims.fr\/#\/schema\/person\/e58e322eb3e83f724da8659e2a322219","name":"admin2863","image":{"@type":"ImageObject","inLanguage":"fr-FR","@id":"https:\/\/academie-nationale-reims.fr\/#\/schema\/person\/image\/","url":"https:\/\/secure.gravatar.com\/avatar\/760354a58e7815260df45936fbf62699?s=96&d=mm&r=g","contentUrl":"https:\/\/secure.gravatar.com\/avatar\/760354a58e7815260df45936fbf62699?s=96&d=mm&r=g","caption":"admin2863"},"sameAs":["http:\/\/academie-nationale-reims.fr"],"url":"https:\/\/academie-nationale-reims.fr\/index.php\/author\/admin2863\/"}]}},"_links":{"self":[{"href":"https:\/\/academie-nationale-reims.fr\/index.php\/wp-json\/wp\/v2\/posts\/2032"}],"collection":[{"href":"https:\/\/academie-nationale-reims.fr\/index.php\/wp-json\/wp\/v2\/posts"}],"about":[{"href":"https:\/\/academie-nationale-reims.fr\/index.php\/wp-json\/wp\/v2\/types\/post"}],"author":[{"embeddable":true,"href":"https:\/\/academie-nationale-reims.fr\/index.php\/wp-json\/wp\/v2\/users\/1"}],"replies":[{"embeddable":true,"href":"https:\/\/academie-nationale-reims.fr\/index.php\/wp-json\/wp\/v2\/comments?post=2032"}],"version-history":[{"count":22,"href":"https:\/\/academie-nationale-reims.fr\/index.php\/wp-json\/wp\/v2\/posts\/2032\/revisions"}],"predecessor-version":[{"id":2563,"href":"https:\/\/academie-nationale-reims.fr\/index.php\/wp-json\/wp\/v2\/posts\/2032\/revisions\/2563"}],"wp:attachment":[{"href":"https:\/\/academie-nationale-reims.fr\/index.php\/wp-json\/wp\/v2\/media?parent=2032"}],"wp:term":[{"taxonomy":"category","embeddable":true,"href":"https:\/\/academie-nationale-reims.fr\/index.php\/wp-json\/wp\/v2\/categories?post=2032"},{"taxonomy":"post_tag","embeddable":true,"href":"https:\/\/academie-nationale-reims.fr\/index.php\/wp-json\/wp\/v2\/tags?post=2032"}],"curies":[{"name":"wp","href":"https:\/\/api.w.org\/{rel}","templated":true}]}}